[{"@context":"https:\/\/schema.org\/","@type":"Article","@id":"https:\/\/www.benefitair.cz\/uzijte-si-chaty-a-chalupy-i-v-zime\/#Article","mainEntityOfPage":"https:\/\/www.benefitair.cz\/uzijte-si-chaty-a-chalupy-i-v-zime\/","headline":"U\u017eijte si chaty a chalupy i v\u00a0zim\u011b","name":"U\u017eijte si chaty a chalupy i v\u00a0zim\u011b","description":"Ka\u017ed\u00fd si zaslou\u017e\u00ed jednou za \u010das stoprocentn\u011b vypnout a u\u017e\u00edt si chvilky pouze pro sebe a pro svou rodinu \u010di p\u0159\u00e1tele. Od toho slou\u017e\u00ed dovolen\u00e1, kterou si m\u016f\u017ee u\u017e\u00edvat ka\u017ed\u00fd z n\u00e1s. Vyu\u017eijte ji i vy, a to p\u0159\u00edmo v na\u0161\u00ed vlasti. K dispozici budete m\u00edt ov\u011b\u0159en\u00e9 a skv\u011bl\u00e9 chaty a chalupy k pronajmut\u00ed, kter\u00e9 [&hellip;]","datePublished":"2025-04-23","dateModified":"2025-04-23","author":{"@type":"Person","@id":"https:\/\/www.benefitair.cz\/author\/#Person","name":"","url":"https:\/\/www.benefitair.cz\/author\/","identifier":1,"image":{"@type":"ImageObject","@id":"https:\/\/secure.gravatar.com\/avatar\/325464d7e09ffe52889ba6983accc5cdb65d0a54acd9a25cd7e409bd3eba713a?s=96&d=mm&r=g","url":"https:\/\/secure.gravatar.com\/avatar\/325464d7e09ffe52889ba6983accc5cdb65d0a54acd9a25cd7e409bd3eba713a?s=96&d=mm&r=g","height":96,"width":96}},"publisher":{"@type":"Organization","name":"benefitair.cz","logo":{"@type":"ImageObject","@id":"\/logo.png","url":"\/logo.png","width":600,"height":60}},"url":"https:\/\/www.benefitair.cz\/uzijte-si-chaty-a-chalupy-i-v-zime\/","wordCount":194,"articleBody":"Ka\u017ed\u00fd si zaslou\u017e\u00ed jednou za \u010das stoprocentn\u011b vypnout a u\u017e\u00edt si chvilky pouze pro sebe a pro svou rodinu \u010di p\u0159\u00e1tele. Od toho slou\u017e\u00ed dovolen\u00e1, kterou si m\u016f\u017ee u\u017e\u00edvat ka\u017ed\u00fd z n\u00e1s. Vyu\u017eijte ji i vy, a to p\u0159\u00edmo v na\u0161\u00ed vlasti. K dispozici budete m\u00edt ov\u011b\u0159en\u00e9 a skv\u011bl\u00e9 chaty a chalupy k pronajmut\u00ed, kter\u00e9 v\u00e1m zp\u0159\u00edjemn\u00ed v\u00e1\u0161 pobyt. Je jedno, jestli jste se rozhodli pro pasivn\u00ed a nebo aktivn\u00ed dovolenou. A\u0165 u\u017e budete jezdit na dlouh\u00e9 a n\u00e1ro\u010dn\u00e9 cyklistick\u00e9 v\u00fdlety anebo si u\u017e\u00edvat grilov\u00e1n\u00ed a pravou pohodu, tak na\u0161e chaty a chalupy k pronajmut\u00ed v\u00e1m p\u0159ijdou vhod. Nab\u00edz\u00ed v\u00e1m toti\u017e skv\u011bl\u00e9 z\u00e1zem\u00ed p\u0159i tr\u00e1ven\u00ed va\u0161\u00ed o\u010dek\u00e1van\u00e9 dovolen\u00e9. P\u0159ehlednost Nemus\u00edte se b\u00e1t, \u017ee byste se na na\u0161ich internetov\u00fdch str\u00e1nk\u00e1ch neorientovali a zdlouhav\u011b bloudili. Na\u0161e str\u00e1nky jsou velice p\u0159ehledn\u00e9 a vy si budete moci pomoc\u00ed lehk\u00e9ho a praktick\u00e9ho vyhled\u00e1v\u00e1n\u00ed vyhledat chaty a chalupy k pronajmut\u00ed p\u0159esn\u011b podle sv\u00e9ho gusta.                                                                                                                                                                                                                                                                                                                                                                                                "},{"@context":"https:\/\/schema.org\/","@type":"BreadcrumbList","itemListElement":[{"@type":"ListItem","position":1,"name":"U\u017eijte si chaty a chalupy i v\u00a0zim\u011b","item":"https:\/\/www.benefitair.cz\/uzijte-si-chaty-a-chalupy-i-v-zime\/#breadcrumbitem"}]}]