[{"@context":"https:\/\/schema.org\/","@type":"Article","@id":"https:\/\/www.benefitair.cz\/nespokojenost-a-nuda-na-nas-nemaji\/#Article","mainEntityOfPage":"https:\/\/www.benefitair.cz\/nespokojenost-a-nuda-na-nas-nemaji\/","headline":"NESPOKOJENOST A NUDA NA N\u00c1S NEMAJ\u00cd","name":"NESPOKOJENOST A NUDA NA N\u00c1S NEMAJ\u00cd","description":"Vypravit se na dovolenou s\u00a0mal\u00fdm d\u00edt\u011btem je nem\u00e9n\u011b t\u011b\u017ek\u00e9 jako se star\u0161\u00edm. \u010c\u00edm je d\u00edt\u011b odrostlej\u0161\u00ed, t\u00edm v\u00edc si bal\u00ed v\u011bc\u00ed. Mal\u00e9mu sbal\u00edme samy a jen ho nech\u00e1me nakukovat, aby v\u011bd\u011blo, co bude m\u00edt v\u00a0kuf\u0159\u00edku, ale v\u011bt\u0161\u00ed m\u00e1 pocit, \u017ee to zvl\u00e1dne samo a je na\u0161tvan\u00e9, kdy\u017e mu jeho zavazadlo nejde zav\u0159\u00edt, proto\u017ee nutn\u011b na [&hellip;]","datePublished":"2025-03-04","dateModified":"2023-05-01","author":{"@type":"Person","@id":"https:\/\/www.benefitair.cz\/author\/#Person","name":"","url":"https:\/\/www.benefitair.cz\/author\/","identifier":1,"image":{"@type":"ImageObject","@id":"https:\/\/secure.gravatar.com\/avatar\/325464d7e09ffe52889ba6983accc5cdb65d0a54acd9a25cd7e409bd3eba713a?s=96&d=mm&r=g","url":"https:\/\/secure.gravatar.com\/avatar\/325464d7e09ffe52889ba6983accc5cdb65d0a54acd9a25cd7e409bd3eba713a?s=96&d=mm&r=g","height":96,"width":96}},"publisher":{"@type":"Organization","name":"benefitair.cz","logo":{"@type":"ImageObject","@id":"\/logo.png","url":"\/logo.png","width":600,"height":60}},"image":{"@type":"ImageObject","@id":"https:\/\/www.benefitair.cz\/wp-content\/uploads\/img_a311810_w2138_t1522913579.jpg","url":"https:\/\/www.benefitair.cz\/wp-content\/uploads\/img_a311810_w2138_t1522913579.jpg","height":0,"width":0},"url":"https:\/\/www.benefitair.cz\/nespokojenost-a-nuda-na-nas-nemaji\/","wordCount":697,"articleBody":"Vypravit se na dovolenou s\u00a0mal\u00fdm d\u00edt\u011btem je nem\u00e9n\u011b t\u011b\u017ek\u00e9 jako se star\u0161\u00edm. \u010c\u00edm je d\u00edt\u011b odrostlej\u0161\u00ed, t\u00edm v\u00edc si bal\u00ed v\u011bc\u00ed. Mal\u00e9mu sbal\u00edme samy a jen ho nech\u00e1me nakukovat, aby v\u011bd\u011blo, co bude m\u00edt v\u00a0kuf\u0159\u00edku, ale v\u011bt\u0161\u00ed m\u00e1 pocit, \u017ee to zvl\u00e1dne samo a je na\u0161tvan\u00e9, kdy\u017e mu jeho zavazadlo nejde zav\u0159\u00edt, proto\u017ee nutn\u011b na dva t\u00fddny pot\u0159ebuje celou garderobu, proto\u017ee co kdyby se po\u010das\u00ed zvrtlo, nebo se nedej bo\u017ee, umazalo n\u011bkolikr\u00e1t za den.\tU\u017e tady za\u010d\u00ednaj\u00ed probl\u00e9my s\u00a0vysv\u011btlov\u00e1n\u00edm, co je nutn\u00e9. \tMal\u00fd potomek zapl\u00e1\u010de nad metrov\u00fdm krte\u010dkem, kter\u00e9ho odm\u00edtneme posadit na zadn\u00ed seda\u010dku a p\u0159ipoutat ho, velk\u00fd se roz\u010d\u00edl\u00ed nad v\u00fdb\u011brem vhodn\u00e9ho oble\u010den\u00ed a vynd\u00e1n\u00ed nesmysln\u011b tepl\u00e9ho svetru na letn\u00ed dovolenou.\t\tHod\u00edme do sebe jeden pr\u00e1\u0161ek na nervy, nanos\u00edme v\u011bci do auta, nasedneme a vyr\u00e1\u017e\u00edme sm\u011br b\u00e1je\u010dn\u00e1 a hlavn\u011b zaslou\u017een\u00e1 dovolen\u00e1.\tDo p\u0159ehr\u00e1va\u010de vlo\u017e\u00edme obl\u00edben\u00e9 d\u011btsk\u00e9 p\u00edsni\u010dky a za spole\u010dn\u00e9ho zp\u011bvu jedeme. Najednou si v\u0161imneme, \u017ee mal\u00fd potomek nezp\u00edv\u00e1, ale naopak pl\u00e1\u010de. Zastav\u00edme a uklid\u0148uj\u00edc\u00edm zp\u016fsobem za\u010dneme zji\u0161\u0165ovat, co se stalo. \t\u201eM\u016fj kr\u0165a,\u201c \u0161kyt, \u201e je doma s\u00e1m,\u201c \u0161kyt, \u201epl\u00e1\u010de. Mus\u00edme se vr\u00e1tit,\u201c sly\u0161\u00edme od sv\u00e9ho milovan\u00e9ho potomka. Krout\u00edme hlavou, \u017ee u\u017e jsme dost daleko od domova, ale proto\u017ee tat\u00ednek si kv\u016fli \u0159\u00edzen\u00ed nevzal \u017e\u00e1dn\u00fd pr\u00e1\u0161ek, je mu l\u00edto sv\u00e9ho d\u00edt\u011bte a nab\u00edz\u00ed, \u017ee i kdy\u017e u\u017e je to t\u0159icet kilometr\u016f, oto\u010d\u00ed auto a pro krtka se vr\u00e1t\u00edme.\tA tak za tentokr\u00e1t vesel\u00e9ho zp\u011bvu z\u00a0d\u011btsk\u00e9ho hrdla se vrac\u00edme dom\u016f.\tSousedi, kte\u0159\u00ed se s\u00a0n\u00e1mi u\u017e rozlou\u010dili a pop\u0159\u00e1li n\u00e1m p\u011bknou dovolenou, nev\u011b\u0159\u00edcn\u011b koukaj\u00ed, co u\u017e tu zase d\u011bl\u00e1me. \tS\u00a0nerv\u00f3zn\u00edm \u00fasm\u011bvem (l\u00e9k u\u017e p\u0159estal zab\u00edrat) odpov\u00edme, \u017ee jsme n\u011bco zapomn\u011bli.\t\tVyb\u011bhneme p\u00e1r pater a ud\u00fdchan\u00ed otv\u00edr\u00e1me dve\u0159e od bytu. Do n\u00e1ru\u010d\u00ed bereme krtka a obrac\u00edme se k\u00a0odchodu. Jen\u017ee n\u011bkdo n\u00e1m d\u00fdch\u00e1 za krk. Druh\u00fd potomek, kter\u00fd pot\u0159ebuje na z\u00e1chod. \t\u010cek\u00e1me a ten se vrac\u00ed s\u00a0v\u00edt\u011bzn\u00fdm \u00fasm\u011bvem a v\u00a0ruce dr\u017e\u00ed svetr, kter\u00fd jsme mu zak\u00e1zaly. \tU\u017e se nadechujeme, abychom mu to zarazily, ale jeho pohled spo\u010dine na obludn\u011b velk\u00e9 hra\u010dce. Nezb\u00fdv\u00e1 n\u00e1m, ne\u017e zamknout a ml\u010det. \tP\u0159ipout\u00e1me velkou hra\u010dku doprost\u0159ed, d\u011b\u0165\u00e1tko ji nad\u0161en\u011b zdrav\u00ed a hlad\u00ed, my znovu pou\u0161t\u00edme CD a vyr\u00e1\u017e\u00edme.\tProto\u017ee m\u00e1me p\u0159ed sebou dost dlouhou cestu, p\u00edsni\u010dky jedou po\u0159\u00e1d dokola u\u017e pot\u0159et\u00ed, proto\u017ee potomek vyzp\u011bvuje poka\u017ed\u00e9, kdy\u017e se p\u00edsni\u010dka spust\u00ed a my nechceme, aby plakal. \tDruh\u00fd m\u00e1 v\u00a0u\u0161\u00edch sluch\u00e1tka a poslouch\u00e1 si sv\u00e9.\tNajednou mal\u00fd ztichne. To proto, \u017ee m\u00e1 zav\u0159en\u00e9 o\u010di a vypad\u00e1, \u017ee sp\u00ed. \tNat\u00e1hneme ruku, abychom kone\u010dn\u011b CD vyndali, ale ve chv\u00edli, kdy je n\u00e1dhern\u00e9 ticho, usly\u0161\u00edme: \u201eCo d\u011bl\u00e1te? J\u00e1 to poslouch\u00e1m!\u201c \tA tak do c\u00edle dojedeme s\u00a0t\u00edm, \u017ee bychom nejrad\u0161i c\u00e9d\u00e9\u010dko vzaly a zahrabaly do zem\u011b. \tJen\u017ee si uv\u011bdom\u00edme, \u017ee se rozhodn\u011b nikdo z\u00a0n\u00e1s nenudil a d\u011bti byly a jsou spokojen\u00e9. Dokonce ani tat\u00ednek nen\u00ed rozlad\u011bn\u00fd! \u00a0Zhluboka se nadechneme a uv\u011bdom\u00edme si, \u017ee p\u0159ed n\u00e1mi jsou n\u00e1dhern\u00e9 2 t\u00fddny dovolen\u00e9, kde je v\u00a0m\u00edst\u011b d\u011btsk\u00fd koutek a spousta mo\u017enost\u00ed na kulturn\u00ed vy\u017eit\u00ed star\u0161\u00edho a samy se u\u017e vid\u00edme na uvol\u0148uj\u00edc\u00ed koupeli ve dvou.                                                                                                                                                                                                                                                                                                                                                                                        4\/5 - (8 votes)        "},{"@context":"https:\/\/schema.org\/","@type":"BreadcrumbList","itemListElement":[{"@type":"ListItem","position":1,"name":"NESPOKOJENOST A NUDA NA N\u00c1S NEMAJ\u00cd","item":"https:\/\/www.benefitair.cz\/nespokojenost-a-nuda-na-nas-nemaji\/#breadcrumbitem"}]}]